{"id":6328,"date":"2025-11-19T15:51:43","date_gmt":"2025-11-19T14:51:43","guid":{"rendered":"https:\/\/belfiuscentrumwest.be\/centrum-west-groeit\/"},"modified":"2026-08-13T13:19:58","modified_gmt":"2026-08-13T12:19:58","slug":"centrum-west-groeit","status":"publish","type":"post","link":"https:\/\/belfiuscentrumwest.be\/fr\/centrum-west-groeit\/","title":{"rendered":"Centrum West groeit !"},"content":{"rendered":"<p class=\"wp-block-paragraph\"><\/p>\n\n\n\n<h2 class=\"wp-block-heading\">Welkom aan de nieuwkomers!<\/h2>\n\n\n\n<p class=\"wp-block-paragraph\">De afgelopen maanden heeft Comm V Centrum West een opmerkelijke groei doorgemaakt. Deze ontwikkeling werd onlangs gevierd met een gezellige receptie ter ere van 9 nieuwe collega\u2019s die de voorbije maanden aan boord zijn gekomen. Deze bijeenkomst was niet alleen een moment van kennismaking, maar ook een gelegenheid om de toekomstige samenwerking te vieren.<\/p>\n\n\n\n<p class=\"wp-block-paragraph\">Tijdens de informele receptie kregen de nieuwkomers de kans om kennis te maken met de bestuurders en kantoorverantwoordelijken. In een ontspannen sfeer werden ervaringen uitgewisseld en werd er volop gelachen en bijgepraat. Iedereen ging naar huis met een klein geschenk als teken van waardering en een warm welkom.<\/p>\n\n\n\n<p class=\"wp-block-paragraph\">Centrum West hecht veel waarde aan een hecht team en een positieve werkomgeving. Deze receptie was dan ook een mooie gelegenheid om de nieuwe medewerkers te laten voelen dat ze deel uitmaken van een dynamische en ondersteunende organisatie. We wensen hen veel succes en een vruchtbare samenwerking toe!<\/p>\n\n\n\n<p class=\"wp-block-paragraph\"><strong>Welkom aan boord, en laten we samen verder bouwen aan een succesvolle toekomst!<\/strong><\/p>\n\n\n\n<figure class=\"wp-block-gallery has-nested-images columns-default is-cropped wp-block-gallery-1 is-layout-flex wp-block-gallery-is-layout-flex\">\n<figure class=\"wp-block-image size-large\"><img decoding=\"async\" data-id=\"1309\" src=\"https:\/\/belfiuscentrumwest.be\/wp-content\/uploads\/2026\/07\/20251117_150444-1-1024x768.jpg\" alt=\"\" class=\"wp-image-1309\"\/><\/figure>\n\n\n\n<figure class=\"wp-block-image size-large\"><img decoding=\"async\" data-id=\"1311\" src=\"https:\/\/belfiuscentrumwest.be\/wp-content\/uploads\/2026\/07\/20251117_184905-1024x768.jpg\" alt=\"\" class=\"wp-image-1311\"\/><\/figure>\n\n\n\n<figure class=\"wp-block-image size-large\"><img decoding=\"async\" data-id=\"1310\" src=\"https:\/\/belfiuscentrumwest.be\/wp-content\/uploads\/2026\/07\/20251117_171949-1-1024x961.jpg\" alt=\"\" class=\"wp-image-1310\"\/><\/figure>\n<\/figure>\n\n\n\n<p class=\"wp-block-paragraph\"><\/p>","protected":false},"excerpt":{"rendered":"<p>Welkom aan de nieuwkomers! De afgelopen maanden heeft Comm V Centrum West een opmerkelijke groei doorgemaakt. Deze&#8230;<\/p>","protected":false},"author":6,"featured_media":6261,"comment_status":"closed","ping_status":"open","sticky":false,"template":"","format":"standard","meta":{"_kadence_starter_templates_imported_post":false,"_kad_post_transparent":"","_kad_post_title":"","_kad_post_layout":"","_kad_post_sidebar_id":"","_kad_post_content_style":"","_kad_post_vertical_padding":"","_kad_post_feature":"","_kad_post_feature_position":"","_kad_post_header":false,"_kad_post_footer":false,"_kad_post_classname":"","footnotes":""},"categories":[68],"tags":[],"class_list":["post-6328","post","type-post","status-publish","format-standard","has-post-thumbnail","hentry","category-nieuws"],"yoast_head":"<!-- This site is optimized with the Yoast SEO plugin v28.2 - https:\/\/yoast.com\/product\/yoast-seo-wordpress\/ -->\n<title>Centrum West groeit ! - Belfius Centrum West<\/title>\n<meta name=\"robots\" content=\"index, follow, max-snippet:-1, max-image-preview:large, max-video-preview:-1\" \/>\n<link rel=\"canonical\" href=\"https:\/\/belfiuscentrumwest.be\/fr\/centrum-west-groeit\/\" \/>\n<meta property=\"og:locale\" content=\"fr_FR\" \/>\n<meta property=\"og:type\" content=\"article\" \/>\n<meta property=\"og:title\" content=\"Centrum West groeit ! - Belfius Centrum West\" \/>\n<meta property=\"og:description\" content=\"Welkom aan de nieuwkomers! De afgelopen maanden heeft Comm V Centrum West een opmerkelijke groei doorgemaakt. Deze...\" \/>\n<meta property=\"og:url\" content=\"https:\/\/belfiuscentrumwest.be\/fr\/centrum-west-groeit\/\" \/>\n<meta property=\"og:site_name\" content=\"Belfius Centrum West\" \/>\n<meta property=\"article:published_time\" content=\"2025-11-19T14:51:43+00:00\" \/>\n<meta property=\"article:modified_time\" content=\"2026-08-13T12:19:58+00:00\" \/>\n<meta property=\"og:image\" content=\"https:\/\/belfiuscentrumwest.be\/wp-content\/uploads\/2026\/07\/IMG-20251118-WA00152-1.jpg\" \/>\n\t<meta property=\"og:image:width\" content=\"1600\" \/>\n\t<meta property=\"og:image:height\" content=\"472\" \/>\n\t<meta property=\"og:image:type\" content=\"image\/jpeg\" \/>\n<meta name=\"author\" content=\"tsadmin\" \/>\n<meta name=\"twitter:card\" content=\"summary_large_image\" \/>\n<meta name=\"twitter:label1\" content=\"\u00c9crit par\" \/>\n\t<meta name=\"twitter:data1\" content=\"tsadmin\" \/>\n\t<meta name=\"twitter:label2\" content=\"Dur\u00e9e de lecture estim\u00e9e\" \/>\n\t<meta name=\"twitter:data2\" content=\"1 minute\" \/>\n<script type=\"application\/ld+json\" class=\"yoast-schema-graph\">{\"@context\":\"https:\\\/\\\/schema.org\",\"@graph\":[{\"@type\":\"Article\",\"@id\":\"https:\\\/\\\/belfiuscentrumwest.be\\\/centrum-west-groeit\\\/#article\",\"isPartOf\":{\"@id\":\"https:\\\/\\\/belfiuscentrumwest.be\\\/centrum-west-groeit\\\/\"},\"author\":{\"name\":\"tsadmin\",\"@id\":\"https:\\\/\\\/belfiuscentrumwest.be\\\/#\\\/schema\\\/person\\\/716b7f255c7afa70e3d4b366a23e8a46\"},\"headline\":\"Centrum West groeit !\",\"datePublished\":\"2025-11-19T14:51:43+00:00\",\"dateModified\":\"2026-08-13T12:19:58+00:00\",\"mainEntityOfPage\":{\"@id\":\"https:\\\/\\\/belfiuscentrumwest.be\\\/centrum-west-groeit\\\/\"},\"wordCount\":170,\"publisher\":{\"@id\":\"https:\\\/\\\/belfiuscentrumwest.be\\\/#organization\"},\"image\":{\"@id\":\"https:\\\/\\\/belfiuscentrumwest.be\\\/centrum-west-groeit\\\/#primaryimage\"},\"thumbnailUrl\":\"https:\\\/\\\/belfiuscentrumwest.be\\\/wp-content\\\/uploads\\\/2026\\\/07\\\/IMG-20251118-WA00152-1.jpg\",\"articleSection\":[\"Nieuws\"],\"inLanguage\":\"fr-FR\"},{\"@type\":\"WebPage\",\"@id\":\"https:\\\/\\\/belfiuscentrumwest.be\\\/centrum-west-groeit\\\/\",\"url\":\"https:\\\/\\\/belfiuscentrumwest.be\\\/centrum-west-groeit\\\/\",\"name\":\"Centrum West groeit ! - Belfius Centrum West\",\"isPartOf\":{\"@id\":\"https:\\\/\\\/belfiuscentrumwest.be\\\/#website\"},\"primaryImageOfPage\":{\"@id\":\"https:\\\/\\\/belfiuscentrumwest.be\\\/centrum-west-groeit\\\/#primaryimage\"},\"image\":{\"@id\":\"https:\\\/\\\/belfiuscentrumwest.be\\\/centrum-west-groeit\\\/#primaryimage\"},\"thumbnailUrl\":\"https:\\\/\\\/belfiuscentrumwest.be\\\/wp-content\\\/uploads\\\/2026\\\/07\\\/IMG-20251118-WA00152-1.jpg\",\"datePublished\":\"2025-11-19T14:51:43+00:00\",\"dateModified\":\"2026-08-13T12:19:58+00:00\",\"breadcrumb\":{\"@id\":\"https:\\\/\\\/belfiuscentrumwest.be\\\/centrum-west-groeit\\\/#breadcrumb\"},\"inLanguage\":\"fr-FR\",\"potentialAction\":[{\"@type\":\"ReadAction\",\"target\":[\"https:\\\/\\\/belfiuscentrumwest.be\\\/centrum-west-groeit\\\/\"]}]},{\"@type\":\"ImageObject\",\"inLanguage\":\"fr-FR\",\"@id\":\"https:\\\/\\\/belfiuscentrumwest.be\\\/centrum-west-groeit\\\/#primaryimage\",\"url\":\"https:\\\/\\\/belfiuscentrumwest.be\\\/wp-content\\\/uploads\\\/2026\\\/07\\\/IMG-20251118-WA00152-1.jpg\",\"contentUrl\":\"https:\\\/\\\/belfiuscentrumwest.be\\\/wp-content\\\/uploads\\\/2026\\\/07\\\/IMG-20251118-WA00152-1.jpg\",\"width\":1600,\"height\":472},{\"@type\":\"BreadcrumbList\",\"@id\":\"https:\\\/\\\/belfiuscentrumwest.be\\\/centrum-west-groeit\\\/#breadcrumb\",\"itemListElement\":[{\"@type\":\"ListItem\",\"position\":1,\"name\":\"Home\",\"item\":\"https:\\\/\\\/belfiuscentrumwest.be\\\/\"},{\"@type\":\"ListItem\",\"position\":2,\"name\":\"Centrum West groeit !\"}]},{\"@type\":\"WebSite\",\"@id\":\"https:\\\/\\\/belfiuscentrumwest.be\\\/#website\",\"url\":\"https:\\\/\\\/belfiuscentrumwest.be\\\/\",\"name\":\"Belfius Centrum West\",\"description\":\"\",\"publisher\":{\"@id\":\"https:\\\/\\\/belfiuscentrumwest.be\\\/#organization\"},\"potentialAction\":[{\"@type\":\"SearchAction\",\"target\":{\"@type\":\"EntryPoint\",\"urlTemplate\":\"https:\\\/\\\/belfiuscentrumwest.be\\\/?s={search_term_string}\"},\"query-input\":{\"@type\":\"PropertyValueSpecification\",\"valueRequired\":true,\"valueName\":\"search_term_string\"}}],\"inLanguage\":\"fr-FR\"},{\"@type\":\"Organization\",\"@id\":\"https:\\\/\\\/belfiuscentrumwest.be\\\/#organization\",\"name\":\"Belfius Centrum West\",\"url\":\"https:\\\/\\\/belfiuscentrumwest.be\\\/\",\"logo\":{\"@type\":\"ImageObject\",\"inLanguage\":\"fr-FR\",\"@id\":\"https:\\\/\\\/belfiuscentrumwest.be\\\/#\\\/schema\\\/logo\\\/image\\\/\",\"url\":\"https:\\\/\\\/belfiuscentrumwest.be\\\/wp-content\\\/uploads\\\/2026\\\/03\\\/cropped-cropped-Belfius_RT_Symbol_RGB-scaled-1.png\",\"contentUrl\":\"https:\\\/\\\/belfiuscentrumwest.be\\\/wp-content\\\/uploads\\\/2026\\\/03\\\/cropped-cropped-Belfius_RT_Symbol_RGB-scaled-1.png\",\"width\":512,\"height\":512,\"caption\":\"Belfius Centrum West\"},\"image\":{\"@id\":\"https:\\\/\\\/belfiuscentrumwest.be\\\/#\\\/schema\\\/logo\\\/image\\\/\"}},{\"@type\":\"Person\",\"@id\":\"https:\\\/\\\/belfiuscentrumwest.be\\\/#\\\/schema\\\/person\\\/716b7f255c7afa70e3d4b366a23e8a46\",\"name\":\"tsadmin\",\"image\":{\"@type\":\"ImageObject\",\"inLanguage\":\"fr-FR\",\"@id\":\"https:\\\/\\\/secure.gravatar.com\\\/avatar\\\/029c5298d911cf4de32cc1df877486f608ddb4b8e6376c2891cad21988cf3fe9?s=96&d=mm&r=g\",\"url\":\"https:\\\/\\\/secure.gravatar.com\\\/avatar\\\/029c5298d911cf4de32cc1df877486f608ddb4b8e6376c2891cad21988cf3fe9?s=96&d=mm&r=g\",\"contentUrl\":\"https:\\\/\\\/secure.gravatar.com\\\/avatar\\\/029c5298d911cf4de32cc1df877486f608ddb4b8e6376c2891cad21988cf3fe9?s=96&d=mm&r=g\",\"caption\":\"tsadmin\"},\"url\":\"https:\\\/\\\/belfiuscentrumwest.be\\\/fr\\\/author\\\/tsadmin\\\/\"}]}<\/script>\n<!-- \/ Yoast SEO plugin. -->","yoast_head_json":{"title":"Centrum West groeit ! - Belfius Centrum West","robots":{"index":"index","follow":"follow","max-snippet":"max-snippet:-1","max-image-preview":"max-image-preview:large","max-video-preview":"max-video-preview:-1"},"canonical":"https:\/\/belfiuscentrumwest.be\/fr\/centrum-west-groeit\/","og_locale":"fr_FR","og_type":"article","og_title":"Centrum West groeit ! - Belfius Centrum West","og_description":"Welkom aan de nieuwkomers! De afgelopen maanden heeft Comm V Centrum West een opmerkelijke groei doorgemaakt. Deze...","og_url":"https:\/\/belfiuscentrumwest.be\/fr\/centrum-west-groeit\/","og_site_name":"Belfius Centrum West","article_published_time":"2025-11-19T14:51:43+00:00","article_modified_time":"2026-08-13T12:19:58+00:00","og_image":[{"width":1600,"height":472,"url":"https:\/\/belfiuscentrumwest.be\/wp-content\/uploads\/2026\/07\/IMG-20251118-WA00152-1.jpg","type":"image\/jpeg"}],"author":"tsadmin","twitter_card":"summary_large_image","twitter_misc":{"\u00c9crit par":"tsadmin","Dur\u00e9e de lecture estim\u00e9e":"1 minute"},"schema":{"@context":"https:\/\/schema.org","@graph":[{"@type":"Article","@id":"https:\/\/belfiuscentrumwest.be\/centrum-west-groeit\/#article","isPartOf":{"@id":"https:\/\/belfiuscentrumwest.be\/centrum-west-groeit\/"},"author":{"name":"tsadmin","@id":"https:\/\/belfiuscentrumwest.be\/#\/schema\/person\/716b7f255c7afa70e3d4b366a23e8a46"},"headline":"Centrum West groeit !","datePublished":"2025-11-19T14:51:43+00:00","dateModified":"2026-08-13T12:19:58+00:00","mainEntityOfPage":{"@id":"https:\/\/belfiuscentrumwest.be\/centrum-west-groeit\/"},"wordCount":170,"publisher":{"@id":"https:\/\/belfiuscentrumwest.be\/#organization"},"image":{"@id":"https:\/\/belfiuscentrumwest.be\/centrum-west-groeit\/#primaryimage"},"thumbnailUrl":"https:\/\/belfiuscentrumwest.be\/wp-content\/uploads\/2026\/07\/IMG-20251118-WA00152-1.jpg","articleSection":["Nieuws"],"inLanguage":"fr-FR"},{"@type":"WebPage","@id":"https:\/\/belfiuscentrumwest.be\/centrum-west-groeit\/","url":"https:\/\/belfiuscentrumwest.be\/centrum-west-groeit\/","name":"Centrum West groeit ! - Belfius Centrum West","isPartOf":{"@id":"https:\/\/belfiuscentrumwest.be\/#website"},"primaryImageOfPage":{"@id":"https:\/\/belfiuscentrumwest.be\/centrum-west-groeit\/#primaryimage"},"image":{"@id":"https:\/\/belfiuscentrumwest.be\/centrum-west-groeit\/#primaryimage"},"thumbnailUrl":"https:\/\/belfiuscentrumwest.be\/wp-content\/uploads\/2026\/07\/IMG-20251118-WA00152-1.jpg","datePublished":"2025-11-19T14:51:43+00:00","dateModified":"2026-08-13T12:19:58+00:00","breadcrumb":{"@id":"https:\/\/belfiuscentrumwest.be\/centrum-west-groeit\/#breadcrumb"},"inLanguage":"fr-FR","potentialAction":[{"@type":"ReadAction","target":["https:\/\/belfiuscentrumwest.be\/centrum-west-groeit\/"]}]},{"@type":"ImageObject","inLanguage":"fr-FR","@id":"https:\/\/belfiuscentrumwest.be\/centrum-west-groeit\/#primaryimage","url":"https:\/\/belfiuscentrumwest.be\/wp-content\/uploads\/2026\/07\/IMG-20251118-WA00152-1.jpg","contentUrl":"https:\/\/belfiuscentrumwest.be\/wp-content\/uploads\/2026\/07\/IMG-20251118-WA00152-1.jpg","width":1600,"height":472},{"@type":"BreadcrumbList","@id":"https:\/\/belfiuscentrumwest.be\/centrum-west-groeit\/#breadcrumb","itemListElement":[{"@type":"ListItem","position":1,"name":"Home","item":"https:\/\/belfiuscentrumwest.be\/"},{"@type":"ListItem","position":2,"name":"Centrum West groeit !"}]},{"@type":"WebSite","@id":"https:\/\/belfiuscentrumwest.be\/#website","url":"https:\/\/belfiuscentrumwest.be\/","name":"Belfius Centrum West","description":"","publisher":{"@id":"https:\/\/belfiuscentrumwest.be\/#organization"},"potentialAction":[{"@type":"SearchAction","target":{"@type":"EntryPoint","urlTemplate":"https:\/\/belfiuscentrumwest.be\/?s={search_term_string}"},"query-input":{"@type":"PropertyValueSpecification","valueRequired":true,"valueName":"search_term_string"}}],"inLanguage":"fr-FR"},{"@type":"Organization","@id":"https:\/\/belfiuscentrumwest.be\/#organization","name":"Belfius Centrum West","url":"https:\/\/belfiuscentrumwest.be\/","logo":{"@type":"ImageObject","inLanguage":"fr-FR","@id":"https:\/\/belfiuscentrumwest.be\/#\/schema\/logo\/image\/","url":"https:\/\/belfiuscentrumwest.be\/wp-content\/uploads\/2026\/03\/cropped-cropped-Belfius_RT_Symbol_RGB-scaled-1.png","contentUrl":"https:\/\/belfiuscentrumwest.be\/wp-content\/uploads\/2026\/03\/cropped-cropped-Belfius_RT_Symbol_RGB-scaled-1.png","width":512,"height":512,"caption":"Belfius Centrum West"},"image":{"@id":"https:\/\/belfiuscentrumwest.be\/#\/schema\/logo\/image\/"}},{"@type":"Person","@id":"https:\/\/belfiuscentrumwest.be\/#\/schema\/person\/716b7f255c7afa70e3d4b366a23e8a46","name":"tsadmin","image":{"@type":"ImageObject","inLanguage":"fr-FR","@id":"https:\/\/secure.gravatar.com\/avatar\/029c5298d911cf4de32cc1df877486f608ddb4b8e6376c2891cad21988cf3fe9?s=96&d=mm&r=g","url":"https:\/\/secure.gravatar.com\/avatar\/029c5298d911cf4de32cc1df877486f608ddb4b8e6376c2891cad21988cf3fe9?s=96&d=mm&r=g","contentUrl":"https:\/\/secure.gravatar.com\/avatar\/029c5298d911cf4de32cc1df877486f608ddb4b8e6376c2891cad21988cf3fe9?s=96&d=mm&r=g","caption":"tsadmin"},"url":"https:\/\/belfiuscentrumwest.be\/fr\/author\/tsadmin\/"}]}},"_links":{"self":[{"href":"https:\/\/belfiuscentrumwest.be\/fr\/wp-json\/wp\/v2\/posts\/6328","targetHints":{"allow":["GET"]}}],"collection":[{"href":"https:\/\/belfiuscentrumwest.be\/fr\/wp-json\/wp\/v2\/posts"}],"about":[{"href":"https:\/\/belfiuscentrumwest.be\/fr\/wp-json\/wp\/v2\/types\/post"}],"author":[{"embeddable":true,"href":"https:\/\/belfiuscentrumwest.be\/fr\/wp-json\/wp\/v2\/users\/6"}],"replies":[{"embeddable":true,"href":"https:\/\/belfiuscentrumwest.be\/fr\/wp-json\/wp\/v2\/comments?post=6328"}],"version-history":[{"count":1,"href":"https:\/\/belfiuscentrumwest.be\/fr\/wp-json\/wp\/v2\/posts\/6328\/revisions"}],"predecessor-version":[{"id":6332,"href":"https:\/\/belfiuscentrumwest.be\/fr\/wp-json\/wp\/v2\/posts\/6328\/revisions\/6332"}],"wp:featuredmedia":[{"embeddable":true,"href":"https:\/\/belfiuscentrumwest.be\/fr\/wp-json\/wp\/v2\/media\/6261"}],"wp:attachment":[{"href":"https:\/\/belfiuscentrumwest.be\/fr\/wp-json\/wp\/v2\/media?parent=6328"}],"wp:term":[{"taxonomy":"category","embeddable":true,"href":"https:\/\/belfiuscentrumwest.be\/fr\/wp-json\/wp\/v2\/categories?post=6328"},{"taxonomy":"post_tag","embeddable":true,"href":"https:\/\/belfiuscentrumwest.be\/fr\/wp-json\/wp\/v2\/tags?post=6328"}],"curies":[{"name":"wp","href":"https:\/\/api.w.org\/{rel}","templated":true}]}}