{"id":6336,"date":"2025-11-17T16:18:15","date_gmt":"2025-11-17T15:18:15","guid":{"rendered":"https:\/\/belfiuscentrumwest.be\/een-hart-voor-de-gemeenschap\/"},"modified":"2026-08-13T13:19:58","modified_gmt":"2026-08-13T12:19:58","slug":"een-hart-voor-de-gemeenschap","status":"publish","type":"post","link":"https:\/\/belfiuscentrumwest.be\/fr\/een-hart-voor-de-gemeenschap\/","title":{"rendered":"Een hart voor de gemeenschap!"},"content":{"rendered":"<p class=\"wp-block-paragraph\"><\/p>\n\n\n\n<p class=\"wp-block-paragraph\">Bij Crefius en Bank- en Verzekeringsagent Centrum West CommV geloven we sterk in het belang van maatschappelijke verantwoordelijkheid en het maken van een verschil in onze gemeenschap. We zijn dan ook bijzonder trots om te kunnen aankondigen dat we recent een Automated External Defibrillator (AED) hebben gefinancierd.<\/p>\n\n\n\n<p class=\"wp-block-paragraph\"><strong>Waarom een AED-toestel?<\/strong><\/p>\n\n\n\n<p class=\"wp-block-paragraph\">Een AED is een draagbaar apparaat dat gebruikt wordt om een elektrische schok toe te dienen aan het hart in geval van een hartstilstand. Dit kan levens redden, vooral in die cruciale minuten voordat professionele hulp ter plaatse is. Door dit toestel beschikbaar te stellen, dragen we bij aan een veiligere omgeving voor iedereen in onze gemeenschap. Dit werd geplaatst op de Bel-Fort site in Roeselare. <\/p>\n\n\n\n<p class=\"wp-block-paragraph\"><strong>Onze visie en betrokkenheid<\/strong><\/p>\n\n\n\n<p class=\"wp-block-paragraph\">Dit initiatief past perfect binnen onze visie om niet alleen financi\u00eble diensten te leveren, maar ook een positieve impact te hebben op de samenleving. We zijn ervan overtuigd dat kleine acties grote veranderingen kunnen teweegbrengen. Door te investeren in levensreddende technologie zoals een AED, tonen we onze toewijding aan het welzijn van onze gemeenschap.<\/p>\n\n\n\n<p class=\"wp-block-paragraph\"><strong>Samen voor een veiligere toekomst<\/strong><\/p>\n\n\n\n<p class=\"wp-block-paragraph\">We hopen dat dit initiatief anderen zal inspireren om ook bij te dragen aan het verbeteren van de veiligheid en het welzijn in onze gemeenschap. Samen kunnen we een verschil maken en ervoor zorgen dat iedereen toegang heeft tot de middelen die nodig zijn om levens te redden.<\/p>\n\n\n\n<p class=\"wp-block-paragraph\"><\/p>","protected":false},"excerpt":{"rendered":"<p>Bij Crefius en Bank- en Verzekeringsagent Centrum West CommV geloven we sterk in het belang van maatschappelijke&#8230;<\/p>","protected":false},"author":6,"featured_media":6269,"comment_status":"closed","ping_status":"open","sticky":false,"template":"","format":"standard","meta":{"_kadence_starter_templates_imported_post":false,"_kad_post_transparent":"","_kad_post_title":"","_kad_post_layout":"","_kad_post_sidebar_id":"","_kad_post_content_style":"","_kad_post_vertical_padding":"","_kad_post_feature":"","_kad_post_feature_position":"","_kad_post_header":false,"_kad_post_footer":false,"_kad_post_classname":"","footnotes":""},"categories":[68],"tags":[],"class_list":["post-6336","post","type-post","status-publish","format-standard","has-post-thumbnail","hentry","category-nieuws"],"yoast_head":"<!-- This site is optimized with the Yoast SEO plugin v28.2 - https:\/\/yoast.com\/product\/yoast-seo-wordpress\/ -->\n<title>Een hart voor de gemeenschap! - Belfius Centrum West<\/title>\n<meta name=\"robots\" content=\"index, follow, max-snippet:-1, max-image-preview:large, max-video-preview:-1\" \/>\n<link rel=\"canonical\" href=\"https:\/\/belfiuscentrumwest.be\/fr\/een-hart-voor-de-gemeenschap\/\" \/>\n<meta property=\"og:locale\" content=\"fr_FR\" \/>\n<meta property=\"og:type\" content=\"article\" \/>\n<meta property=\"og:title\" content=\"Een hart voor de gemeenschap! - Belfius Centrum West\" \/>\n<meta property=\"og:description\" content=\"Bij Crefius en Bank- en Verzekeringsagent Centrum West CommV geloven we sterk in het belang van maatschappelijke...\" \/>\n<meta property=\"og:url\" content=\"https:\/\/belfiuscentrumwest.be\/fr\/een-hart-voor-de-gemeenschap\/\" \/>\n<meta property=\"og:site_name\" content=\"Belfius Centrum West\" \/>\n<meta property=\"article:published_time\" content=\"2025-11-17T15:18:15+00:00\" \/>\n<meta property=\"article:modified_time\" content=\"2026-08-13T12:19:58+00:00\" \/>\n<meta property=\"og:image\" content=\"https:\/\/belfiuscentrumwest.be\/wp-content\/uploads\/2026\/07\/20251125_163155.jpg\" \/>\n\t<meta property=\"og:image:width\" content=\"1789\" \/>\n\t<meta property=\"og:image:height\" content=\"1006\" \/>\n\t<meta property=\"og:image:type\" content=\"image\/jpeg\" \/>\n<meta name=\"author\" content=\"tsadmin\" \/>\n<meta name=\"twitter:card\" content=\"summary_large_image\" \/>\n<meta name=\"twitter:label1\" content=\"\u00c9crit par\" \/>\n\t<meta name=\"twitter:data1\" content=\"tsadmin\" \/>\n\t<meta name=\"twitter:label2\" content=\"Dur\u00e9e de lecture estim\u00e9e\" \/>\n\t<meta name=\"twitter:data2\" content=\"1 minute\" \/>\n<script type=\"application\/ld+json\" class=\"yoast-schema-graph\">{\"@context\":\"https:\\\/\\\/schema.org\",\"@graph\":[{\"@type\":\"Article\",\"@id\":\"https:\\\/\\\/belfiuscentrumwest.be\\\/een-hart-voor-de-gemeenschap\\\/#article\",\"isPartOf\":{\"@id\":\"https:\\\/\\\/belfiuscentrumwest.be\\\/een-hart-voor-de-gemeenschap\\\/\"},\"author\":{\"name\":\"tsadmin\",\"@id\":\"https:\\\/\\\/belfiuscentrumwest.be\\\/#\\\/schema\\\/person\\\/716b7f255c7afa70e3d4b366a23e8a46\"},\"headline\":\"Een hart voor de gemeenschap!\",\"datePublished\":\"2025-11-17T15:18:15+00:00\",\"dateModified\":\"2026-08-13T12:19:58+00:00\",\"mainEntityOfPage\":{\"@id\":\"https:\\\/\\\/belfiuscentrumwest.be\\\/een-hart-voor-de-gemeenschap\\\/\"},\"wordCount\":233,\"publisher\":{\"@id\":\"https:\\\/\\\/belfiuscentrumwest.be\\\/#organization\"},\"image\":{\"@id\":\"https:\\\/\\\/belfiuscentrumwest.be\\\/een-hart-voor-de-gemeenschap\\\/#primaryimage\"},\"thumbnailUrl\":\"https:\\\/\\\/belfiuscentrumwest.be\\\/wp-content\\\/uploads\\\/2026\\\/07\\\/20251125_163155.jpg\",\"articleSection\":[\"Nieuws\"],\"inLanguage\":\"fr-FR\"},{\"@type\":\"WebPage\",\"@id\":\"https:\\\/\\\/belfiuscentrumwest.be\\\/een-hart-voor-de-gemeenschap\\\/\",\"url\":\"https:\\\/\\\/belfiuscentrumwest.be\\\/een-hart-voor-de-gemeenschap\\\/\",\"name\":\"Een hart voor de gemeenschap! - Belfius Centrum West\",\"isPartOf\":{\"@id\":\"https:\\\/\\\/belfiuscentrumwest.be\\\/#website\"},\"primaryImageOfPage\":{\"@id\":\"https:\\\/\\\/belfiuscentrumwest.be\\\/een-hart-voor-de-gemeenschap\\\/#primaryimage\"},\"image\":{\"@id\":\"https:\\\/\\\/belfiuscentrumwest.be\\\/een-hart-voor-de-gemeenschap\\\/#primaryimage\"},\"thumbnailUrl\":\"https:\\\/\\\/belfiuscentrumwest.be\\\/wp-content\\\/uploads\\\/2026\\\/07\\\/20251125_163155.jpg\",\"datePublished\":\"2025-11-17T15:18:15+00:00\",\"dateModified\":\"2026-08-13T12:19:58+00:00\",\"breadcrumb\":{\"@id\":\"https:\\\/\\\/belfiuscentrumwest.be\\\/een-hart-voor-de-gemeenschap\\\/#breadcrumb\"},\"inLanguage\":\"fr-FR\",\"potentialAction\":[{\"@type\":\"ReadAction\",\"target\":[\"https:\\\/\\\/belfiuscentrumwest.be\\\/een-hart-voor-de-gemeenschap\\\/\"]}]},{\"@type\":\"ImageObject\",\"inLanguage\":\"fr-FR\",\"@id\":\"https:\\\/\\\/belfiuscentrumwest.be\\\/een-hart-voor-de-gemeenschap\\\/#primaryimage\",\"url\":\"https:\\\/\\\/belfiuscentrumwest.be\\\/wp-content\\\/uploads\\\/2026\\\/07\\\/20251125_163155.jpg\",\"contentUrl\":\"https:\\\/\\\/belfiuscentrumwest.be\\\/wp-content\\\/uploads\\\/2026\\\/07\\\/20251125_163155.jpg\",\"width\":1789,\"height\":1006},{\"@type\":\"BreadcrumbList\",\"@id\":\"https:\\\/\\\/belfiuscentrumwest.be\\\/een-hart-voor-de-gemeenschap\\\/#breadcrumb\",\"itemListElement\":[{\"@type\":\"ListItem\",\"position\":1,\"name\":\"Home\",\"item\":\"https:\\\/\\\/belfiuscentrumwest.be\\\/\"},{\"@type\":\"ListItem\",\"position\":2,\"name\":\"Een hart voor de gemeenschap!\"}]},{\"@type\":\"WebSite\",\"@id\":\"https:\\\/\\\/belfiuscentrumwest.be\\\/#website\",\"url\":\"https:\\\/\\\/belfiuscentrumwest.be\\\/\",\"name\":\"Belfius Centrum West\",\"description\":\"\",\"publisher\":{\"@id\":\"https:\\\/\\\/belfiuscentrumwest.be\\\/#organization\"},\"potentialAction\":[{\"@type\":\"SearchAction\",\"target\":{\"@type\":\"EntryPoint\",\"urlTemplate\":\"https:\\\/\\\/belfiuscentrumwest.be\\\/?s={search_term_string}\"},\"query-input\":{\"@type\":\"PropertyValueSpecification\",\"valueRequired\":true,\"valueName\":\"search_term_string\"}}],\"inLanguage\":\"fr-FR\"},{\"@type\":\"Organization\",\"@id\":\"https:\\\/\\\/belfiuscentrumwest.be\\\/#organization\",\"name\":\"Belfius Centrum West\",\"url\":\"https:\\\/\\\/belfiuscentrumwest.be\\\/\",\"logo\":{\"@type\":\"ImageObject\",\"inLanguage\":\"fr-FR\",\"@id\":\"https:\\\/\\\/belfiuscentrumwest.be\\\/#\\\/schema\\\/logo\\\/image\\\/\",\"url\":\"https:\\\/\\\/belfiuscentrumwest.be\\\/wp-content\\\/uploads\\\/2026\\\/03\\\/cropped-cropped-Belfius_RT_Symbol_RGB-scaled-1.png\",\"contentUrl\":\"https:\\\/\\\/belfiuscentrumwest.be\\\/wp-content\\\/uploads\\\/2026\\\/03\\\/cropped-cropped-Belfius_RT_Symbol_RGB-scaled-1.png\",\"width\":512,\"height\":512,\"caption\":\"Belfius Centrum West\"},\"image\":{\"@id\":\"https:\\\/\\\/belfiuscentrumwest.be\\\/#\\\/schema\\\/logo\\\/image\\\/\"}},{\"@type\":\"Person\",\"@id\":\"https:\\\/\\\/belfiuscentrumwest.be\\\/#\\\/schema\\\/person\\\/716b7f255c7afa70e3d4b366a23e8a46\",\"name\":\"tsadmin\",\"image\":{\"@type\":\"ImageObject\",\"inLanguage\":\"fr-FR\",\"@id\":\"https:\\\/\\\/secure.gravatar.com\\\/avatar\\\/029c5298d911cf4de32cc1df877486f608ddb4b8e6376c2891cad21988cf3fe9?s=96&d=mm&r=g\",\"url\":\"https:\\\/\\\/secure.gravatar.com\\\/avatar\\\/029c5298d911cf4de32cc1df877486f608ddb4b8e6376c2891cad21988cf3fe9?s=96&d=mm&r=g\",\"contentUrl\":\"https:\\\/\\\/secure.gravatar.com\\\/avatar\\\/029c5298d911cf4de32cc1df877486f608ddb4b8e6376c2891cad21988cf3fe9?s=96&d=mm&r=g\",\"caption\":\"tsadmin\"},\"url\":\"https:\\\/\\\/belfiuscentrumwest.be\\\/fr\\\/author\\\/tsadmin\\\/\"}]}<\/script>\n<!-- \/ Yoast SEO plugin. -->","yoast_head_json":{"title":"Een hart voor de gemeenschap! - Belfius Centrum West","robots":{"index":"index","follow":"follow","max-snippet":"max-snippet:-1","max-image-preview":"max-image-preview:large","max-video-preview":"max-video-preview:-1"},"canonical":"https:\/\/belfiuscentrumwest.be\/fr\/een-hart-voor-de-gemeenschap\/","og_locale":"fr_FR","og_type":"article","og_title":"Een hart voor de gemeenschap! - Belfius Centrum West","og_description":"Bij Crefius en Bank- en Verzekeringsagent Centrum West CommV geloven we sterk in het belang van maatschappelijke...","og_url":"https:\/\/belfiuscentrumwest.be\/fr\/een-hart-voor-de-gemeenschap\/","og_site_name":"Belfius Centrum West","article_published_time":"2025-11-17T15:18:15+00:00","article_modified_time":"2026-08-13T12:19:58+00:00","og_image":[{"width":1789,"height":1006,"url":"https:\/\/belfiuscentrumwest.be\/wp-content\/uploads\/2026\/07\/20251125_163155.jpg","type":"image\/jpeg"}],"author":"tsadmin","twitter_card":"summary_large_image","twitter_misc":{"\u00c9crit par":"tsadmin","Dur\u00e9e de lecture estim\u00e9e":"1 minute"},"schema":{"@context":"https:\/\/schema.org","@graph":[{"@type":"Article","@id":"https:\/\/belfiuscentrumwest.be\/een-hart-voor-de-gemeenschap\/#article","isPartOf":{"@id":"https:\/\/belfiuscentrumwest.be\/een-hart-voor-de-gemeenschap\/"},"author":{"name":"tsadmin","@id":"https:\/\/belfiuscentrumwest.be\/#\/schema\/person\/716b7f255c7afa70e3d4b366a23e8a46"},"headline":"Een hart voor de gemeenschap!","datePublished":"2025-11-17T15:18:15+00:00","dateModified":"2026-08-13T12:19:58+00:00","mainEntityOfPage":{"@id":"https:\/\/belfiuscentrumwest.be\/een-hart-voor-de-gemeenschap\/"},"wordCount":233,"publisher":{"@id":"https:\/\/belfiuscentrumwest.be\/#organization"},"image":{"@id":"https:\/\/belfiuscentrumwest.be\/een-hart-voor-de-gemeenschap\/#primaryimage"},"thumbnailUrl":"https:\/\/belfiuscentrumwest.be\/wp-content\/uploads\/2026\/07\/20251125_163155.jpg","articleSection":["Nieuws"],"inLanguage":"fr-FR"},{"@type":"WebPage","@id":"https:\/\/belfiuscentrumwest.be\/een-hart-voor-de-gemeenschap\/","url":"https:\/\/belfiuscentrumwest.be\/een-hart-voor-de-gemeenschap\/","name":"Een hart voor de gemeenschap! - Belfius Centrum West","isPartOf":{"@id":"https:\/\/belfiuscentrumwest.be\/#website"},"primaryImageOfPage":{"@id":"https:\/\/belfiuscentrumwest.be\/een-hart-voor-de-gemeenschap\/#primaryimage"},"image":{"@id":"https:\/\/belfiuscentrumwest.be\/een-hart-voor-de-gemeenschap\/#primaryimage"},"thumbnailUrl":"https:\/\/belfiuscentrumwest.be\/wp-content\/uploads\/2026\/07\/20251125_163155.jpg","datePublished":"2025-11-17T15:18:15+00:00","dateModified":"2026-08-13T12:19:58+00:00","breadcrumb":{"@id":"https:\/\/belfiuscentrumwest.be\/een-hart-voor-de-gemeenschap\/#breadcrumb"},"inLanguage":"fr-FR","potentialAction":[{"@type":"ReadAction","target":["https:\/\/belfiuscentrumwest.be\/een-hart-voor-de-gemeenschap\/"]}]},{"@type":"ImageObject","inLanguage":"fr-FR","@id":"https:\/\/belfiuscentrumwest.be\/een-hart-voor-de-gemeenschap\/#primaryimage","url":"https:\/\/belfiuscentrumwest.be\/wp-content\/uploads\/2026\/07\/20251125_163155.jpg","contentUrl":"https:\/\/belfiuscentrumwest.be\/wp-content\/uploads\/2026\/07\/20251125_163155.jpg","width":1789,"height":1006},{"@type":"BreadcrumbList","@id":"https:\/\/belfiuscentrumwest.be\/een-hart-voor-de-gemeenschap\/#breadcrumb","itemListElement":[{"@type":"ListItem","position":1,"name":"Home","item":"https:\/\/belfiuscentrumwest.be\/"},{"@type":"ListItem","position":2,"name":"Een hart voor de gemeenschap!"}]},{"@type":"WebSite","@id":"https:\/\/belfiuscentrumwest.be\/#website","url":"https:\/\/belfiuscentrumwest.be\/","name":"Belfius Centrum West","description":"","publisher":{"@id":"https:\/\/belfiuscentrumwest.be\/#organization"},"potentialAction":[{"@type":"SearchAction","target":{"@type":"EntryPoint","urlTemplate":"https:\/\/belfiuscentrumwest.be\/?s={search_term_string}"},"query-input":{"@type":"PropertyValueSpecification","valueRequired":true,"valueName":"search_term_string"}}],"inLanguage":"fr-FR"},{"@type":"Organization","@id":"https:\/\/belfiuscentrumwest.be\/#organization","name":"Belfius Centrum West","url":"https:\/\/belfiuscentrumwest.be\/","logo":{"@type":"ImageObject","inLanguage":"fr-FR","@id":"https:\/\/belfiuscentrumwest.be\/#\/schema\/logo\/image\/","url":"https:\/\/belfiuscentrumwest.be\/wp-content\/uploads\/2026\/03\/cropped-cropped-Belfius_RT_Symbol_RGB-scaled-1.png","contentUrl":"https:\/\/belfiuscentrumwest.be\/wp-content\/uploads\/2026\/03\/cropped-cropped-Belfius_RT_Symbol_RGB-scaled-1.png","width":512,"height":512,"caption":"Belfius Centrum West"},"image":{"@id":"https:\/\/belfiuscentrumwest.be\/#\/schema\/logo\/image\/"}},{"@type":"Person","@id":"https:\/\/belfiuscentrumwest.be\/#\/schema\/person\/716b7f255c7afa70e3d4b366a23e8a46","name":"tsadmin","image":{"@type":"ImageObject","inLanguage":"fr-FR","@id":"https:\/\/secure.gravatar.com\/avatar\/029c5298d911cf4de32cc1df877486f608ddb4b8e6376c2891cad21988cf3fe9?s=96&d=mm&r=g","url":"https:\/\/secure.gravatar.com\/avatar\/029c5298d911cf4de32cc1df877486f608ddb4b8e6376c2891cad21988cf3fe9?s=96&d=mm&r=g","contentUrl":"https:\/\/secure.gravatar.com\/avatar\/029c5298d911cf4de32cc1df877486f608ddb4b8e6376c2891cad21988cf3fe9?s=96&d=mm&r=g","caption":"tsadmin"},"url":"https:\/\/belfiuscentrumwest.be\/fr\/author\/tsadmin\/"}]}},"_links":{"self":[{"href":"https:\/\/belfiuscentrumwest.be\/fr\/wp-json\/wp\/v2\/posts\/6336","targetHints":{"allow":["GET"]}}],"collection":[{"href":"https:\/\/belfiuscentrumwest.be\/fr\/wp-json\/wp\/v2\/posts"}],"about":[{"href":"https:\/\/belfiuscentrumwest.be\/fr\/wp-json\/wp\/v2\/types\/post"}],"author":[{"embeddable":true,"href":"https:\/\/belfiuscentrumwest.be\/fr\/wp-json\/wp\/v2\/users\/6"}],"replies":[{"embeddable":true,"href":"https:\/\/belfiuscentrumwest.be\/fr\/wp-json\/wp\/v2\/comments?post=6336"}],"version-history":[{"count":1,"href":"https:\/\/belfiuscentrumwest.be\/fr\/wp-json\/wp\/v2\/posts\/6336\/revisions"}],"predecessor-version":[{"id":6382,"href":"https:\/\/belfiuscentrumwest.be\/fr\/wp-json\/wp\/v2\/posts\/6336\/revisions\/6382"}],"wp:featuredmedia":[{"embeddable":true,"href":"https:\/\/belfiuscentrumwest.be\/fr\/wp-json\/wp\/v2\/media\/6269"}],"wp:attachment":[{"href":"https:\/\/belfiuscentrumwest.be\/fr\/wp-json\/wp\/v2\/media?parent=6336"}],"wp:term":[{"taxonomy":"category","embeddable":true,"href":"https:\/\/belfiuscentrumwest.be\/fr\/wp-json\/wp\/v2\/categories?post=6336"},{"taxonomy":"post_tag","embeddable":true,"href":"https:\/\/belfiuscentrumwest.be\/fr\/wp-json\/wp\/v2\/tags?post=6336"}],"curies":[{"name":"wp","href":"https:\/\/api.w.org\/{rel}","templated":true}]}}