{"id":6350,"date":"2026-04-29T08:16:19","date_gmt":"2026-04-29T07:16:19","guid":{"rendered":"https:\/\/belfiuscentrumwest.be\/feest\/"},"modified":"2026-08-13T13:19:58","modified_gmt":"2026-08-13T12:19:58","slug":"feest","status":"publish","type":"post","link":"https:\/\/belfiuscentrumwest.be\/fr\/feest\/","title":{"rendered":"Feest !"},"content":{"rendered":"<p class=\"wp-block-paragraph\"><strong>  Lentefeest 2026: Een avond van verbinding en inspiratie bij Belfius<\/strong><\/p>\n\n\n\n<p class=\"wp-block-paragraph\">Op zaterdag 25 april 2026 verzamelden we ons voor het jaarlijkse\u00a0<strong>Lentefeest<\/strong>\u00a0in de prachtige setting van\u00a0<strong>Kasteel Blauwhuis<\/strong>. Een gelegenheid om even stil te staan bij de kracht van ons team, buiten de dagelijkse werkcontext.<\/p>\n\n\n\n<p class=\"wp-block-paragraph\">Met&nbsp;<strong>live muziek, een walking dinner en een feestelijke receptie<\/strong>&nbsp;cre\u00eberden we een sfeer van ontspanning en verbinding. Het was een mooie kans om elkaar beter te leren kennen en de banden binnen ons team te versterken.<\/p>\n\n\n\n<p class=\"wp-block-paragraph\">Bij Belfius hechten we veel belang aan&nbsp;<strong>een positieve werkomgeving<\/strong>, waar ruimte is voor zowel professionele groei als persoonlijke momenten. Evenementen zoals deze dragen bij aan een hechte en gemotiveerde organisatie.<\/p>\n\n\n\n<p class=\"wp-block-paragraph\">Een welgemeende dank aan alle collega\u2019s die aanwezig waren \u2013 en aan hun partners voor de steun. <\/p>\n\n\n\n<p class=\"wp-block-paragraph\">#Belfius #EmployerBranding #TeamSpirit<\/p>","protected":false},"excerpt":{"rendered":"<p>Lentefeest 2026: Een avond van verbinding en inspiratie bij Belfius Op zaterdag 25 april 2026 verzamelden we&#8230;<\/p>","protected":false},"author":6,"featured_media":6287,"comment_status":"closed","ping_status":"open","sticky":false,"template":"","format":"standard","meta":{"_kadence_starter_templates_imported_post":false,"_kad_post_transparent":"","_kad_post_title":"","_kad_post_layout":"","_kad_post_sidebar_id":"","_kad_post_content_style":"","_kad_post_vertical_padding":"","_kad_post_feature":"","_kad_post_feature_position":"","_kad_post_header":false,"_kad_post_footer":false,"_kad_post_classname":"","footnotes":""},"categories":[68],"tags":[],"class_list":["post-6350","post","type-post","status-publish","format-standard","has-post-thumbnail","hentry","category-nieuws"],"yoast_head":"<!-- This site is optimized with the Yoast SEO plugin v28.2 - https:\/\/yoast.com\/product\/yoast-seo-wordpress\/ -->\n<title>Feest ! - Belfius Centrum West<\/title>\n<meta name=\"robots\" content=\"index, follow, max-snippet:-1, max-image-preview:large, max-video-preview:-1\" \/>\n<link rel=\"canonical\" href=\"https:\/\/belfiuscentrumwest.be\/fr\/feest\/\" \/>\n<meta property=\"og:locale\" content=\"fr_FR\" \/>\n<meta property=\"og:type\" content=\"article\" \/>\n<meta property=\"og:title\" content=\"Feest ! - Belfius Centrum West\" \/>\n<meta property=\"og:description\" content=\"Lentefeest 2026: Een avond van verbinding en inspiratie bij Belfius Op zaterdag 25 april 2026 verzamelden we...\" \/>\n<meta property=\"og:url\" content=\"https:\/\/belfiuscentrumwest.be\/fr\/feest\/\" \/>\n<meta property=\"og:site_name\" content=\"Belfius Centrum West\" \/>\n<meta property=\"article:published_time\" content=\"2026-04-29T07:16:19+00:00\" \/>\n<meta property=\"article:modified_time\" content=\"2026-08-13T12:19:58+00:00\" \/>\n<meta property=\"og:image\" content=\"https:\/\/belfiuscentrumwest.be\/wp-content\/uploads\/2026\/07\/Belfius-lentefeest-04272.jpg\" \/>\n\t<meta property=\"og:image:width\" content=\"2402\" \/>\n\t<meta property=\"og:image:height\" content=\"1601\" \/>\n\t<meta property=\"og:image:type\" content=\"image\/jpeg\" \/>\n<meta name=\"author\" content=\"tsadmin\" \/>\n<meta name=\"twitter:card\" content=\"summary_large_image\" \/>\n<meta name=\"twitter:label1\" content=\"\u00c9crit par\" \/>\n\t<meta name=\"twitter:data1\" content=\"tsadmin\" \/>\n\t<meta name=\"twitter:label2\" content=\"Dur\u00e9e de lecture estim\u00e9e\" \/>\n\t<meta name=\"twitter:data2\" content=\"1 minute\" \/>\n<script type=\"application\/ld+json\" class=\"yoast-schema-graph\">{\"@context\":\"https:\\\/\\\/schema.org\",\"@graph\":[{\"@type\":\"Article\",\"@id\":\"https:\\\/\\\/belfiuscentrumwest.be\\\/feest\\\/#article\",\"isPartOf\":{\"@id\":\"https:\\\/\\\/belfiuscentrumwest.be\\\/feest\\\/\"},\"author\":{\"name\":\"tsadmin\",\"@id\":\"https:\\\/\\\/belfiuscentrumwest.be\\\/#\\\/schema\\\/person\\\/716b7f255c7afa70e3d4b366a23e8a46\"},\"headline\":\"Feest !\",\"datePublished\":\"2026-04-29T07:16:19+00:00\",\"dateModified\":\"2026-08-13T12:19:58+00:00\",\"mainEntityOfPage\":{\"@id\":\"https:\\\/\\\/belfiuscentrumwest.be\\\/feest\\\/\"},\"wordCount\":136,\"publisher\":{\"@id\":\"https:\\\/\\\/belfiuscentrumwest.be\\\/#organization\"},\"image\":{\"@id\":\"https:\\\/\\\/belfiuscentrumwest.be\\\/feest\\\/#primaryimage\"},\"thumbnailUrl\":\"https:\\\/\\\/belfiuscentrumwest.be\\\/wp-content\\\/uploads\\\/2026\\\/07\\\/Belfius-lentefeest-04272.jpg\",\"articleSection\":[\"Nieuws\"],\"inLanguage\":\"fr-FR\"},{\"@type\":\"WebPage\",\"@id\":\"https:\\\/\\\/belfiuscentrumwest.be\\\/feest\\\/\",\"url\":\"https:\\\/\\\/belfiuscentrumwest.be\\\/feest\\\/\",\"name\":\"Feest ! - Belfius Centrum West\",\"isPartOf\":{\"@id\":\"https:\\\/\\\/belfiuscentrumwest.be\\\/#website\"},\"primaryImageOfPage\":{\"@id\":\"https:\\\/\\\/belfiuscentrumwest.be\\\/feest\\\/#primaryimage\"},\"image\":{\"@id\":\"https:\\\/\\\/belfiuscentrumwest.be\\\/feest\\\/#primaryimage\"},\"thumbnailUrl\":\"https:\\\/\\\/belfiuscentrumwest.be\\\/wp-content\\\/uploads\\\/2026\\\/07\\\/Belfius-lentefeest-04272.jpg\",\"datePublished\":\"2026-04-29T07:16:19+00:00\",\"dateModified\":\"2026-08-13T12:19:58+00:00\",\"breadcrumb\":{\"@id\":\"https:\\\/\\\/belfiuscentrumwest.be\\\/feest\\\/#breadcrumb\"},\"inLanguage\":\"fr-FR\",\"potentialAction\":[{\"@type\":\"ReadAction\",\"target\":[\"https:\\\/\\\/belfiuscentrumwest.be\\\/feest\\\/\"]}]},{\"@type\":\"ImageObject\",\"inLanguage\":\"fr-FR\",\"@id\":\"https:\\\/\\\/belfiuscentrumwest.be\\\/feest\\\/#primaryimage\",\"url\":\"https:\\\/\\\/belfiuscentrumwest.be\\\/wp-content\\\/uploads\\\/2026\\\/07\\\/Belfius-lentefeest-04272.jpg\",\"contentUrl\":\"https:\\\/\\\/belfiuscentrumwest.be\\\/wp-content\\\/uploads\\\/2026\\\/07\\\/Belfius-lentefeest-04272.jpg\",\"width\":2402,\"height\":1601},{\"@type\":\"BreadcrumbList\",\"@id\":\"https:\\\/\\\/belfiuscentrumwest.be\\\/feest\\\/#breadcrumb\",\"itemListElement\":[{\"@type\":\"ListItem\",\"position\":1,\"name\":\"Home\",\"item\":\"https:\\\/\\\/belfiuscentrumwest.be\\\/\"},{\"@type\":\"ListItem\",\"position\":2,\"name\":\"Feest !\"}]},{\"@type\":\"WebSite\",\"@id\":\"https:\\\/\\\/belfiuscentrumwest.be\\\/#website\",\"url\":\"https:\\\/\\\/belfiuscentrumwest.be\\\/\",\"name\":\"Belfius Centrum West\",\"description\":\"\",\"publisher\":{\"@id\":\"https:\\\/\\\/belfiuscentrumwest.be\\\/#organization\"},\"potentialAction\":[{\"@type\":\"SearchAction\",\"target\":{\"@type\":\"EntryPoint\",\"urlTemplate\":\"https:\\\/\\\/belfiuscentrumwest.be\\\/?s={search_term_string}\"},\"query-input\":{\"@type\":\"PropertyValueSpecification\",\"valueRequired\":true,\"valueName\":\"search_term_string\"}}],\"inLanguage\":\"fr-FR\"},{\"@type\":\"Organization\",\"@id\":\"https:\\\/\\\/belfiuscentrumwest.be\\\/#organization\",\"name\":\"Belfius Centrum West\",\"url\":\"https:\\\/\\\/belfiuscentrumwest.be\\\/\",\"logo\":{\"@type\":\"ImageObject\",\"inLanguage\":\"fr-FR\",\"@id\":\"https:\\\/\\\/belfiuscentrumwest.be\\\/#\\\/schema\\\/logo\\\/image\\\/\",\"url\":\"https:\\\/\\\/belfiuscentrumwest.be\\\/wp-content\\\/uploads\\\/2026\\\/03\\\/cropped-cropped-Belfius_RT_Symbol_RGB-scaled-1.png\",\"contentUrl\":\"https:\\\/\\\/belfiuscentrumwest.be\\\/wp-content\\\/uploads\\\/2026\\\/03\\\/cropped-cropped-Belfius_RT_Symbol_RGB-scaled-1.png\",\"width\":512,\"height\":512,\"caption\":\"Belfius Centrum West\"},\"image\":{\"@id\":\"https:\\\/\\\/belfiuscentrumwest.be\\\/#\\\/schema\\\/logo\\\/image\\\/\"}},{\"@type\":\"Person\",\"@id\":\"https:\\\/\\\/belfiuscentrumwest.be\\\/#\\\/schema\\\/person\\\/716b7f255c7afa70e3d4b366a23e8a46\",\"name\":\"tsadmin\",\"image\":{\"@type\":\"ImageObject\",\"inLanguage\":\"fr-FR\",\"@id\":\"https:\\\/\\\/secure.gravatar.com\\\/avatar\\\/029c5298d911cf4de32cc1df877486f608ddb4b8e6376c2891cad21988cf3fe9?s=96&d=mm&r=g\",\"url\":\"https:\\\/\\\/secure.gravatar.com\\\/avatar\\\/029c5298d911cf4de32cc1df877486f608ddb4b8e6376c2891cad21988cf3fe9?s=96&d=mm&r=g\",\"contentUrl\":\"https:\\\/\\\/secure.gravatar.com\\\/avatar\\\/029c5298d911cf4de32cc1df877486f608ddb4b8e6376c2891cad21988cf3fe9?s=96&d=mm&r=g\",\"caption\":\"tsadmin\"},\"url\":\"https:\\\/\\\/belfiuscentrumwest.be\\\/fr\\\/author\\\/tsadmin\\\/\"}]}<\/script>\n<!-- \/ Yoast SEO plugin. -->","yoast_head_json":{"title":"Feest ! - Belfius Centrum West","robots":{"index":"index","follow":"follow","max-snippet":"max-snippet:-1","max-image-preview":"max-image-preview:large","max-video-preview":"max-video-preview:-1"},"canonical":"https:\/\/belfiuscentrumwest.be\/fr\/feest\/","og_locale":"fr_FR","og_type":"article","og_title":"Feest ! - Belfius Centrum West","og_description":"Lentefeest 2026: Een avond van verbinding en inspiratie bij Belfius Op zaterdag 25 april 2026 verzamelden we...","og_url":"https:\/\/belfiuscentrumwest.be\/fr\/feest\/","og_site_name":"Belfius Centrum West","article_published_time":"2026-04-29T07:16:19+00:00","article_modified_time":"2026-08-13T12:19:58+00:00","og_image":[{"width":2402,"height":1601,"url":"https:\/\/belfiuscentrumwest.be\/wp-content\/uploads\/2026\/07\/Belfius-lentefeest-04272.jpg","type":"image\/jpeg"}],"author":"tsadmin","twitter_card":"summary_large_image","twitter_misc":{"\u00c9crit par":"tsadmin","Dur\u00e9e de lecture estim\u00e9e":"1 minute"},"schema":{"@context":"https:\/\/schema.org","@graph":[{"@type":"Article","@id":"https:\/\/belfiuscentrumwest.be\/feest\/#article","isPartOf":{"@id":"https:\/\/belfiuscentrumwest.be\/feest\/"},"author":{"name":"tsadmin","@id":"https:\/\/belfiuscentrumwest.be\/#\/schema\/person\/716b7f255c7afa70e3d4b366a23e8a46"},"headline":"Feest !","datePublished":"2026-04-29T07:16:19+00:00","dateModified":"2026-08-13T12:19:58+00:00","mainEntityOfPage":{"@id":"https:\/\/belfiuscentrumwest.be\/feest\/"},"wordCount":136,"publisher":{"@id":"https:\/\/belfiuscentrumwest.be\/#organization"},"image":{"@id":"https:\/\/belfiuscentrumwest.be\/feest\/#primaryimage"},"thumbnailUrl":"https:\/\/belfiuscentrumwest.be\/wp-content\/uploads\/2026\/07\/Belfius-lentefeest-04272.jpg","articleSection":["Nieuws"],"inLanguage":"fr-FR"},{"@type":"WebPage","@id":"https:\/\/belfiuscentrumwest.be\/feest\/","url":"https:\/\/belfiuscentrumwest.be\/feest\/","name":"Feest ! - Belfius Centrum West","isPartOf":{"@id":"https:\/\/belfiuscentrumwest.be\/#website"},"primaryImageOfPage":{"@id":"https:\/\/belfiuscentrumwest.be\/feest\/#primaryimage"},"image":{"@id":"https:\/\/belfiuscentrumwest.be\/feest\/#primaryimage"},"thumbnailUrl":"https:\/\/belfiuscentrumwest.be\/wp-content\/uploads\/2026\/07\/Belfius-lentefeest-04272.jpg","datePublished":"2026-04-29T07:16:19+00:00","dateModified":"2026-08-13T12:19:58+00:00","breadcrumb":{"@id":"https:\/\/belfiuscentrumwest.be\/feest\/#breadcrumb"},"inLanguage":"fr-FR","potentialAction":[{"@type":"ReadAction","target":["https:\/\/belfiuscentrumwest.be\/feest\/"]}]},{"@type":"ImageObject","inLanguage":"fr-FR","@id":"https:\/\/belfiuscentrumwest.be\/feest\/#primaryimage","url":"https:\/\/belfiuscentrumwest.be\/wp-content\/uploads\/2026\/07\/Belfius-lentefeest-04272.jpg","contentUrl":"https:\/\/belfiuscentrumwest.be\/wp-content\/uploads\/2026\/07\/Belfius-lentefeest-04272.jpg","width":2402,"height":1601},{"@type":"BreadcrumbList","@id":"https:\/\/belfiuscentrumwest.be\/feest\/#breadcrumb","itemListElement":[{"@type":"ListItem","position":1,"name":"Home","item":"https:\/\/belfiuscentrumwest.be\/"},{"@type":"ListItem","position":2,"name":"Feest !"}]},{"@type":"WebSite","@id":"https:\/\/belfiuscentrumwest.be\/#website","url":"https:\/\/belfiuscentrumwest.be\/","name":"Belfius Centrum West","description":"","publisher":{"@id":"https:\/\/belfiuscentrumwest.be\/#organization"},"potentialAction":[{"@type":"SearchAction","target":{"@type":"EntryPoint","urlTemplate":"https:\/\/belfiuscentrumwest.be\/?s={search_term_string}"},"query-input":{"@type":"PropertyValueSpecification","valueRequired":true,"valueName":"search_term_string"}}],"inLanguage":"fr-FR"},{"@type":"Organization","@id":"https:\/\/belfiuscentrumwest.be\/#organization","name":"Belfius Centrum West","url":"https:\/\/belfiuscentrumwest.be\/","logo":{"@type":"ImageObject","inLanguage":"fr-FR","@id":"https:\/\/belfiuscentrumwest.be\/#\/schema\/logo\/image\/","url":"https:\/\/belfiuscentrumwest.be\/wp-content\/uploads\/2026\/03\/cropped-cropped-Belfius_RT_Symbol_RGB-scaled-1.png","contentUrl":"https:\/\/belfiuscentrumwest.be\/wp-content\/uploads\/2026\/03\/cropped-cropped-Belfius_RT_Symbol_RGB-scaled-1.png","width":512,"height":512,"caption":"Belfius Centrum West"},"image":{"@id":"https:\/\/belfiuscentrumwest.be\/#\/schema\/logo\/image\/"}},{"@type":"Person","@id":"https:\/\/belfiuscentrumwest.be\/#\/schema\/person\/716b7f255c7afa70e3d4b366a23e8a46","name":"tsadmin","image":{"@type":"ImageObject","inLanguage":"fr-FR","@id":"https:\/\/secure.gravatar.com\/avatar\/029c5298d911cf4de32cc1df877486f608ddb4b8e6376c2891cad21988cf3fe9?s=96&d=mm&r=g","url":"https:\/\/secure.gravatar.com\/avatar\/029c5298d911cf4de32cc1df877486f608ddb4b8e6376c2891cad21988cf3fe9?s=96&d=mm&r=g","contentUrl":"https:\/\/secure.gravatar.com\/avatar\/029c5298d911cf4de32cc1df877486f608ddb4b8e6376c2891cad21988cf3fe9?s=96&d=mm&r=g","caption":"tsadmin"},"url":"https:\/\/belfiuscentrumwest.be\/fr\/author\/tsadmin\/"}]}},"_links":{"self":[{"href":"https:\/\/belfiuscentrumwest.be\/fr\/wp-json\/wp\/v2\/posts\/6350","targetHints":{"allow":["GET"]}}],"collection":[{"href":"https:\/\/belfiuscentrumwest.be\/fr\/wp-json\/wp\/v2\/posts"}],"about":[{"href":"https:\/\/belfiuscentrumwest.be\/fr\/wp-json\/wp\/v2\/types\/post"}],"author":[{"embeddable":true,"href":"https:\/\/belfiuscentrumwest.be\/fr\/wp-json\/wp\/v2\/users\/6"}],"replies":[{"embeddable":true,"href":"https:\/\/belfiuscentrumwest.be\/fr\/wp-json\/wp\/v2\/comments?post=6350"}],"version-history":[{"count":1,"href":"https:\/\/belfiuscentrumwest.be\/fr\/wp-json\/wp\/v2\/posts\/6350\/revisions"}],"predecessor-version":[{"id":6371,"href":"https:\/\/belfiuscentrumwest.be\/fr\/wp-json\/wp\/v2\/posts\/6350\/revisions\/6371"}],"wp:featuredmedia":[{"embeddable":true,"href":"https:\/\/belfiuscentrumwest.be\/fr\/wp-json\/wp\/v2\/media\/6287"}],"wp:attachment":[{"href":"https:\/\/belfiuscentrumwest.be\/fr\/wp-json\/wp\/v2\/media?parent=6350"}],"wp:term":[{"taxonomy":"category","embeddable":true,"href":"https:\/\/belfiuscentrumwest.be\/fr\/wp-json\/wp\/v2\/categories?post=6350"},{"taxonomy":"post_tag","embeddable":true,"href":"https:\/\/belfiuscentrumwest.be\/fr\/wp-json\/wp\/v2\/tags?post=6350"}],"curies":[{"name":"wp","href":"https:\/\/api.w.org\/{rel}","templated":true}]}}