{"id":6364,"date":"2026-06-24T14:32:39","date_gmt":"2026-06-24T13:32:39","guid":{"rendered":"https:\/\/belfiuscentrumwest.be\/pensioen-week\/"},"modified":"2026-08-13T13:19:58","modified_gmt":"2026-08-13T12:19:58","slug":"pensioen-week","status":"publish","type":"post","link":"https:\/\/belfiuscentrumwest.be\/fr\/pensioen-week\/","title":{"rendered":"Pensioen Week !"},"content":{"rendered":"<p class=\"wp-block-paragraph\"><strong>Pensioen Extra: Een nieuwe fase vol vragen en kansen<\/strong><\/p>\n\n\n\n<p class=\"wp-block-paragraph\">De WK-hype mag dan volop bezig zijn, voor veel Belgen blijft een andere &#8220;wedstrijd&#8221; actueel: <strong>het plannen van hun pensioen.<\/strong> Op 16 juni organiseerde Belfius Centrum West in VIVES een infosessie voor personal banking klanten, waar experts mevr. Lieve Sabot en dhr. Jonathan Sissau de complexiteit van het thema ontrafelden. Tussen de cijfers en adviezen door klonk \u00e9\u00e9n duidelijke boodschap:&nbsp;<em>pensioenplanning is geen sprint, maar een marathon met hindernissen<\/em>.<\/p>\n\n\n\n<h3 class=\"wp-block-heading\"><strong>De grote vragen: hoeveel, hoe en voor wie?<\/strong><\/h3>\n\n\n\n<p class=\"wp-block-paragraph\">De sessie begon met een confronterende realiteit: veel Belgen weten niet hoeveel ze nodig hebben voor een comfortabel pensioen. &#8220;Hoeveel moet ik nog opbouwen?&#8221; en &#8220;Kan ik al iets doorgeven aan de volgende generatie?&#8221; waren vragen die herhaaldelijk opborrelden. De experts benadrukten dat er geen one-size-fits-all antwoord bestaat. Factoren zoals levensverwachting, inflatie en persoonlijke wensen spelen een cruciale rol. <\/p>\n\n\n\n<h3 class=\"wp-block-heading\"><strong>Cabaret als spiegel<\/strong><\/h3>\n\n\n\n<p class=\"wp-block-paragraph\">Cabaretier Karel De Clercq sloot de uiteenzetting af met een humoristische, maar scherpe blik op de pensioenonzekerheid. Het publiek lachte, maar de onderliggende boodschap was duidelijk:&nbsp;<em>pensioen is niet alleen een financieel, maar ook een emotioneel vraagstuk<\/em>.<\/p>\n\n\n\n<h3 class=\"wp-block-heading\"><strong>Tevreden klanten, maar\u2026<\/strong><\/h3>\n\n\n\n<p class=\"wp-block-paragraph\">De tevredenheid van de aanwezigen was voelbaar tijdens de receptie, verzorgd door Ma Kwizien. Toch rijst de vraag:&nbsp;<em>is een eenmalige infosessie voldoende om klanten \u00e9cht gerust te stellen?<\/em>&nbsp;Met 15 personal bankers aanwezig was er ruimte voor persoonlijk advies, maar de complexiteit van het thema vraagt om meer dan een avondje uitleg. Boek gerust een afspraak met uw personal banker in uw lokaal kantoor. <\/p>\n\n\n\n<h3 class=\"wp-block-heading\"><strong>Conclusie: een wake-upcall<\/strong><\/h3>\n\n\n\n<p class=\"wp-block-paragraph\">De avond in VIVES was een succes, maar ook een wake-upcall. Pensioenplanning is geen leuk onderwerp, maar wel een noodzakelijk gesprek. Belfius heeft de eerste stap gezet door het thema bespreekbaar te maken, maar de echte uitdaging ligt in het omzetten van informatie naar actie. <\/p>\n\n\n\n<p class=\"wp-block-paragraph\"><em>&#8220;Het pensioen is als een WK-finale: je wilt niet pas beginnen trainen als de wedstrijd al bezig is.&#8221;<\/em><\/p>\n\n\n\n<p class=\"wp-block-paragraph\"><\/p>\n\n\n\n<figure class=\"wp-block-gallery has-nested-images columns-default is-cropped wp-block-gallery-1 is-layout-flex wp-block-gallery-is-layout-flex\">\n<figure class=\"wp-block-image size-large\"><img decoding=\"async\" data-id=\"1425\" src=\"https:\/\/belfiuscentrumwest.be\/wp-content\/uploads\/2026\/07\/Ontwerp-zonder-titel-16-1024x1024.png\" alt=\"\" class=\"wp-image-1425\"\/><\/figure>\n<\/figure>","protected":false},"excerpt":{"rendered":"<p>Pensioen Extra: Een nieuwe fase vol vragen en kansen De WK-hype mag dan volop bezig zijn, voor&#8230;<\/p>","protected":false},"author":6,"featured_media":6293,"comment_status":"closed","ping_status":"open","sticky":false,"template":"","format":"standard","meta":{"_kadence_starter_templates_imported_post":false,"_kad_post_transparent":"","_kad_post_title":"","_kad_post_layout":"","_kad_post_sidebar_id":"","_kad_post_content_style":"","_kad_post_vertical_padding":"","_kad_post_feature":"","_kad_post_feature_position":"","_kad_post_header":false,"_kad_post_footer":false,"_kad_post_classname":"","footnotes":""},"categories":[68],"tags":[],"class_list":["post-6364","post","type-post","status-publish","format-standard","has-post-thumbnail","hentry","category-nieuws"],"yoast_head":"<!-- This site is optimized with the Yoast SEO plugin v28.2 - https:\/\/yoast.com\/product\/yoast-seo-wordpress\/ -->\n<title>Pensioen Week ! - Belfius Centrum West<\/title>\n<meta name=\"robots\" content=\"index, follow, max-snippet:-1, max-image-preview:large, max-video-preview:-1\" \/>\n<link rel=\"canonical\" href=\"https:\/\/belfiuscentrumwest.be\/fr\/pensioen-week\/\" \/>\n<meta property=\"og:locale\" content=\"fr_FR\" \/>\n<meta property=\"og:type\" content=\"article\" \/>\n<meta property=\"og:title\" content=\"Pensioen Week ! - Belfius Centrum West\" \/>\n<meta property=\"og:description\" content=\"Pensioen Extra: Een nieuwe fase vol vragen en kansen De WK-hype mag dan volop bezig zijn, voor...\" \/>\n<meta property=\"og:url\" content=\"https:\/\/belfiuscentrumwest.be\/fr\/pensioen-week\/\" \/>\n<meta property=\"og:site_name\" content=\"Belfius Centrum West\" \/>\n<meta property=\"article:published_time\" content=\"2026-06-24T13:32:39+00:00\" \/>\n<meta property=\"article:modified_time\" content=\"2026-08-13T12:19:58+00:00\" \/>\n<meta property=\"og:image\" content=\"https:\/\/belfiuscentrumwest.be\/wp-content\/uploads\/2026\/07\/insite_image_602x360_12.jpg\" \/>\n\t<meta property=\"og:image:width\" content=\"1204\" \/>\n\t<meta property=\"og:image:height\" content=\"720\" \/>\n\t<meta property=\"og:image:type\" content=\"image\/jpeg\" \/>\n<meta name=\"author\" content=\"tsadmin\" \/>\n<meta name=\"twitter:card\" content=\"summary_large_image\" \/>\n<meta name=\"twitter:label1\" content=\"\u00c9crit par\" \/>\n\t<meta name=\"twitter:data1\" content=\"tsadmin\" \/>\n\t<meta name=\"twitter:label2\" content=\"Dur\u00e9e de lecture estim\u00e9e\" \/>\n\t<meta name=\"twitter:data2\" content=\"2 minutes\" \/>\n<script type=\"application\/ld+json\" class=\"yoast-schema-graph\">{\"@context\":\"https:\\\/\\\/schema.org\",\"@graph\":[{\"@type\":\"Article\",\"@id\":\"https:\\\/\\\/belfiuscentrumwest.be\\\/pensioen-week\\\/#article\",\"isPartOf\":{\"@id\":\"https:\\\/\\\/belfiuscentrumwest.be\\\/pensioen-week\\\/\"},\"author\":{\"name\":\"tsadmin\",\"@id\":\"https:\\\/\\\/belfiuscentrumwest.be\\\/#\\\/schema\\\/person\\\/716b7f255c7afa70e3d4b366a23e8a46\"},\"headline\":\"Pensioen Week !\",\"datePublished\":\"2026-06-24T13:32:39+00:00\",\"dateModified\":\"2026-08-13T12:19:58+00:00\",\"mainEntityOfPage\":{\"@id\":\"https:\\\/\\\/belfiuscentrumwest.be\\\/pensioen-week\\\/\"},\"wordCount\":323,\"publisher\":{\"@id\":\"https:\\\/\\\/belfiuscentrumwest.be\\\/#organization\"},\"image\":{\"@id\":\"https:\\\/\\\/belfiuscentrumwest.be\\\/pensioen-week\\\/#primaryimage\"},\"thumbnailUrl\":\"https:\\\/\\\/belfiuscentrumwest.be\\\/wp-content\\\/uploads\\\/2026\\\/07\\\/insite_image_602x360_12.jpg\",\"articleSection\":[\"Nieuws\"],\"inLanguage\":\"fr-FR\"},{\"@type\":\"WebPage\",\"@id\":\"https:\\\/\\\/belfiuscentrumwest.be\\\/pensioen-week\\\/\",\"url\":\"https:\\\/\\\/belfiuscentrumwest.be\\\/pensioen-week\\\/\",\"name\":\"Pensioen Week ! - Belfius Centrum West\",\"isPartOf\":{\"@id\":\"https:\\\/\\\/belfiuscentrumwest.be\\\/#website\"},\"primaryImageOfPage\":{\"@id\":\"https:\\\/\\\/belfiuscentrumwest.be\\\/pensioen-week\\\/#primaryimage\"},\"image\":{\"@id\":\"https:\\\/\\\/belfiuscentrumwest.be\\\/pensioen-week\\\/#primaryimage\"},\"thumbnailUrl\":\"https:\\\/\\\/belfiuscentrumwest.be\\\/wp-content\\\/uploads\\\/2026\\\/07\\\/insite_image_602x360_12.jpg\",\"datePublished\":\"2026-06-24T13:32:39+00:00\",\"dateModified\":\"2026-08-13T12:19:58+00:00\",\"breadcrumb\":{\"@id\":\"https:\\\/\\\/belfiuscentrumwest.be\\\/pensioen-week\\\/#breadcrumb\"},\"inLanguage\":\"fr-FR\",\"potentialAction\":[{\"@type\":\"ReadAction\",\"target\":[\"https:\\\/\\\/belfiuscentrumwest.be\\\/pensioen-week\\\/\"]}]},{\"@type\":\"ImageObject\",\"inLanguage\":\"fr-FR\",\"@id\":\"https:\\\/\\\/belfiuscentrumwest.be\\\/pensioen-week\\\/#primaryimage\",\"url\":\"https:\\\/\\\/belfiuscentrumwest.be\\\/wp-content\\\/uploads\\\/2026\\\/07\\\/insite_image_602x360_12.jpg\",\"contentUrl\":\"https:\\\/\\\/belfiuscentrumwest.be\\\/wp-content\\\/uploads\\\/2026\\\/07\\\/insite_image_602x360_12.jpg\",\"width\":1204,\"height\":720},{\"@type\":\"BreadcrumbList\",\"@id\":\"https:\\\/\\\/belfiuscentrumwest.be\\\/pensioen-week\\\/#breadcrumb\",\"itemListElement\":[{\"@type\":\"ListItem\",\"position\":1,\"name\":\"Home\",\"item\":\"https:\\\/\\\/belfiuscentrumwest.be\\\/\"},{\"@type\":\"ListItem\",\"position\":2,\"name\":\"Pensioen Week !\"}]},{\"@type\":\"WebSite\",\"@id\":\"https:\\\/\\\/belfiuscentrumwest.be\\\/#website\",\"url\":\"https:\\\/\\\/belfiuscentrumwest.be\\\/\",\"name\":\"Belfius Centrum West\",\"description\":\"\",\"publisher\":{\"@id\":\"https:\\\/\\\/belfiuscentrumwest.be\\\/#organization\"},\"potentialAction\":[{\"@type\":\"SearchAction\",\"target\":{\"@type\":\"EntryPoint\",\"urlTemplate\":\"https:\\\/\\\/belfiuscentrumwest.be\\\/?s={search_term_string}\"},\"query-input\":{\"@type\":\"PropertyValueSpecification\",\"valueRequired\":true,\"valueName\":\"search_term_string\"}}],\"inLanguage\":\"fr-FR\"},{\"@type\":\"Organization\",\"@id\":\"https:\\\/\\\/belfiuscentrumwest.be\\\/#organization\",\"name\":\"Belfius Centrum West\",\"url\":\"https:\\\/\\\/belfiuscentrumwest.be\\\/\",\"logo\":{\"@type\":\"ImageObject\",\"inLanguage\":\"fr-FR\",\"@id\":\"https:\\\/\\\/belfiuscentrumwest.be\\\/#\\\/schema\\\/logo\\\/image\\\/\",\"url\":\"https:\\\/\\\/belfiuscentrumwest.be\\\/wp-content\\\/uploads\\\/2026\\\/03\\\/cropped-cropped-Belfius_RT_Symbol_RGB-scaled-1.png\",\"contentUrl\":\"https:\\\/\\\/belfiuscentrumwest.be\\\/wp-content\\\/uploads\\\/2026\\\/03\\\/cropped-cropped-Belfius_RT_Symbol_RGB-scaled-1.png\",\"width\":512,\"height\":512,\"caption\":\"Belfius Centrum West\"},\"image\":{\"@id\":\"https:\\\/\\\/belfiuscentrumwest.be\\\/#\\\/schema\\\/logo\\\/image\\\/\"}},{\"@type\":\"Person\",\"@id\":\"https:\\\/\\\/belfiuscentrumwest.be\\\/#\\\/schema\\\/person\\\/716b7f255c7afa70e3d4b366a23e8a46\",\"name\":\"tsadmin\",\"image\":{\"@type\":\"ImageObject\",\"inLanguage\":\"fr-FR\",\"@id\":\"https:\\\/\\\/secure.gravatar.com\\\/avatar\\\/029c5298d911cf4de32cc1df877486f608ddb4b8e6376c2891cad21988cf3fe9?s=96&d=mm&r=g\",\"url\":\"https:\\\/\\\/secure.gravatar.com\\\/avatar\\\/029c5298d911cf4de32cc1df877486f608ddb4b8e6376c2891cad21988cf3fe9?s=96&d=mm&r=g\",\"contentUrl\":\"https:\\\/\\\/secure.gravatar.com\\\/avatar\\\/029c5298d911cf4de32cc1df877486f608ddb4b8e6376c2891cad21988cf3fe9?s=96&d=mm&r=g\",\"caption\":\"tsadmin\"},\"url\":\"https:\\\/\\\/belfiuscentrumwest.be\\\/fr\\\/author\\\/tsadmin\\\/\"}]}<\/script>\n<!-- \/ Yoast SEO plugin. -->","yoast_head_json":{"title":"Pensioen Week ! - Belfius Centrum West","robots":{"index":"index","follow":"follow","max-snippet":"max-snippet:-1","max-image-preview":"max-image-preview:large","max-video-preview":"max-video-preview:-1"},"canonical":"https:\/\/belfiuscentrumwest.be\/fr\/pensioen-week\/","og_locale":"fr_FR","og_type":"article","og_title":"Pensioen Week ! - Belfius Centrum West","og_description":"Pensioen Extra: Een nieuwe fase vol vragen en kansen De WK-hype mag dan volop bezig zijn, voor...","og_url":"https:\/\/belfiuscentrumwest.be\/fr\/pensioen-week\/","og_site_name":"Belfius Centrum West","article_published_time":"2026-06-24T13:32:39+00:00","article_modified_time":"2026-08-13T12:19:58+00:00","og_image":[{"width":1204,"height":720,"url":"https:\/\/belfiuscentrumwest.be\/wp-content\/uploads\/2026\/07\/insite_image_602x360_12.jpg","type":"image\/jpeg"}],"author":"tsadmin","twitter_card":"summary_large_image","twitter_misc":{"\u00c9crit par":"tsadmin","Dur\u00e9e de lecture estim\u00e9e":"2 minutes"},"schema":{"@context":"https:\/\/schema.org","@graph":[{"@type":"Article","@id":"https:\/\/belfiuscentrumwest.be\/pensioen-week\/#article","isPartOf":{"@id":"https:\/\/belfiuscentrumwest.be\/pensioen-week\/"},"author":{"name":"tsadmin","@id":"https:\/\/belfiuscentrumwest.be\/#\/schema\/person\/716b7f255c7afa70e3d4b366a23e8a46"},"headline":"Pensioen Week !","datePublished":"2026-06-24T13:32:39+00:00","dateModified":"2026-08-13T12:19:58+00:00","mainEntityOfPage":{"@id":"https:\/\/belfiuscentrumwest.be\/pensioen-week\/"},"wordCount":323,"publisher":{"@id":"https:\/\/belfiuscentrumwest.be\/#organization"},"image":{"@id":"https:\/\/belfiuscentrumwest.be\/pensioen-week\/#primaryimage"},"thumbnailUrl":"https:\/\/belfiuscentrumwest.be\/wp-content\/uploads\/2026\/07\/insite_image_602x360_12.jpg","articleSection":["Nieuws"],"inLanguage":"fr-FR"},{"@type":"WebPage","@id":"https:\/\/belfiuscentrumwest.be\/pensioen-week\/","url":"https:\/\/belfiuscentrumwest.be\/pensioen-week\/","name":"Pensioen Week ! - Belfius Centrum West","isPartOf":{"@id":"https:\/\/belfiuscentrumwest.be\/#website"},"primaryImageOfPage":{"@id":"https:\/\/belfiuscentrumwest.be\/pensioen-week\/#primaryimage"},"image":{"@id":"https:\/\/belfiuscentrumwest.be\/pensioen-week\/#primaryimage"},"thumbnailUrl":"https:\/\/belfiuscentrumwest.be\/wp-content\/uploads\/2026\/07\/insite_image_602x360_12.jpg","datePublished":"2026-06-24T13:32:39+00:00","dateModified":"2026-08-13T12:19:58+00:00","breadcrumb":{"@id":"https:\/\/belfiuscentrumwest.be\/pensioen-week\/#breadcrumb"},"inLanguage":"fr-FR","potentialAction":[{"@type":"ReadAction","target":["https:\/\/belfiuscentrumwest.be\/pensioen-week\/"]}]},{"@type":"ImageObject","inLanguage":"fr-FR","@id":"https:\/\/belfiuscentrumwest.be\/pensioen-week\/#primaryimage","url":"https:\/\/belfiuscentrumwest.be\/wp-content\/uploads\/2026\/07\/insite_image_602x360_12.jpg","contentUrl":"https:\/\/belfiuscentrumwest.be\/wp-content\/uploads\/2026\/07\/insite_image_602x360_12.jpg","width":1204,"height":720},{"@type":"BreadcrumbList","@id":"https:\/\/belfiuscentrumwest.be\/pensioen-week\/#breadcrumb","itemListElement":[{"@type":"ListItem","position":1,"name":"Home","item":"https:\/\/belfiuscentrumwest.be\/"},{"@type":"ListItem","position":2,"name":"Pensioen Week !"}]},{"@type":"WebSite","@id":"https:\/\/belfiuscentrumwest.be\/#website","url":"https:\/\/belfiuscentrumwest.be\/","name":"Belfius Centrum West","description":"","publisher":{"@id":"https:\/\/belfiuscentrumwest.be\/#organization"},"potentialAction":[{"@type":"SearchAction","target":{"@type":"EntryPoint","urlTemplate":"https:\/\/belfiuscentrumwest.be\/?s={search_term_string}"},"query-input":{"@type":"PropertyValueSpecification","valueRequired":true,"valueName":"search_term_string"}}],"inLanguage":"fr-FR"},{"@type":"Organization","@id":"https:\/\/belfiuscentrumwest.be\/#organization","name":"Belfius Centrum West","url":"https:\/\/belfiuscentrumwest.be\/","logo":{"@type":"ImageObject","inLanguage":"fr-FR","@id":"https:\/\/belfiuscentrumwest.be\/#\/schema\/logo\/image\/","url":"https:\/\/belfiuscentrumwest.be\/wp-content\/uploads\/2026\/03\/cropped-cropped-Belfius_RT_Symbol_RGB-scaled-1.png","contentUrl":"https:\/\/belfiuscentrumwest.be\/wp-content\/uploads\/2026\/03\/cropped-cropped-Belfius_RT_Symbol_RGB-scaled-1.png","width":512,"height":512,"caption":"Belfius Centrum West"},"image":{"@id":"https:\/\/belfiuscentrumwest.be\/#\/schema\/logo\/image\/"}},{"@type":"Person","@id":"https:\/\/belfiuscentrumwest.be\/#\/schema\/person\/716b7f255c7afa70e3d4b366a23e8a46","name":"tsadmin","image":{"@type":"ImageObject","inLanguage":"fr-FR","@id":"https:\/\/secure.gravatar.com\/avatar\/029c5298d911cf4de32cc1df877486f608ddb4b8e6376c2891cad21988cf3fe9?s=96&d=mm&r=g","url":"https:\/\/secure.gravatar.com\/avatar\/029c5298d911cf4de32cc1df877486f608ddb4b8e6376c2891cad21988cf3fe9?s=96&d=mm&r=g","contentUrl":"https:\/\/secure.gravatar.com\/avatar\/029c5298d911cf4de32cc1df877486f608ddb4b8e6376c2891cad21988cf3fe9?s=96&d=mm&r=g","caption":"tsadmin"},"url":"https:\/\/belfiuscentrumwest.be\/fr\/author\/tsadmin\/"}]}},"_links":{"self":[{"href":"https:\/\/belfiuscentrumwest.be\/fr\/wp-json\/wp\/v2\/posts\/6364","targetHints":{"allow":["GET"]}}],"collection":[{"href":"https:\/\/belfiuscentrumwest.be\/fr\/wp-json\/wp\/v2\/posts"}],"about":[{"href":"https:\/\/belfiuscentrumwest.be\/fr\/wp-json\/wp\/v2\/types\/post"}],"author":[{"embeddable":true,"href":"https:\/\/belfiuscentrumwest.be\/fr\/wp-json\/wp\/v2\/users\/6"}],"replies":[{"embeddable":true,"href":"https:\/\/belfiuscentrumwest.be\/fr\/wp-json\/wp\/v2\/comments?post=6364"}],"version-history":[{"count":1,"href":"https:\/\/belfiuscentrumwest.be\/fr\/wp-json\/wp\/v2\/posts\/6364\/revisions"}],"predecessor-version":[{"id":6366,"href":"https:\/\/belfiuscentrumwest.be\/fr\/wp-json\/wp\/v2\/posts\/6364\/revisions\/6366"}],"wp:featuredmedia":[{"embeddable":true,"href":"https:\/\/belfiuscentrumwest.be\/fr\/wp-json\/wp\/v2\/media\/6293"}],"wp:attachment":[{"href":"https:\/\/belfiuscentrumwest.be\/fr\/wp-json\/wp\/v2\/media?parent=6364"}],"wp:term":[{"taxonomy":"category","embeddable":true,"href":"https:\/\/belfiuscentrumwest.be\/fr\/wp-json\/wp\/v2\/categories?post=6364"},{"taxonomy":"post_tag","embeddable":true,"href":"https:\/\/belfiuscentrumwest.be\/fr\/wp-json\/wp\/v2\/tags?post=6364"}],"curies":[{"name":"wp","href":"https:\/\/api.w.org\/{rel}","templated":true}]}}